{"id":990,"date":"2024-06-28T17:54:52","date_gmt":"2024-06-28T15:54:52","guid":{"rendered":"https:\/\/www.paris-junior.com\/?p=990"},"modified":"2024-12-16T13:02:39","modified_gmt":"2024-12-16T12:02:39","slug":"cours-de-francais-en-france-dans-une-ecole-labellisee","status":"publish","type":"post","link":"https:\/\/www.paris-junior.com\/fr\/cours-de-francais-en-france-dans-une-ecole-labellisee\/","title":{"rendered":"Cours de Fran\u00e7ais en France dans une \u00c9cole Lab\u00e9lis\u00e9e FLE"},"content":{"rendered":"<h2>Cours de Fran\u00e7ais dans une \u00e9cole \u00ab\u00a0Qualit\u00e9 FLE\u00a0\u00bb<\/h2>\n<div role=\"assistant\" class=\"css-15lnv5s e1ra9voi8\">\n<div class=\"css-w8lhtn emv4zb814\">\n<div>\n<p class=\"css-1ypebu9 emv4zb87\"><strong><a href=\"https:\/\/www.paris-junior.com\/fr\/est-ce-difficile-dapprendre-le-francais\/\" target=\"_blank\" rel=\"noopener\">Apprendre le fran\u00e7ais en France<\/a> est une exp\u00e9rience enrichissante et immersive, permettant aux \u00e9tudiants de s&rsquo;impr\u00e9gner de la langue et de la culture fran\u00e7aise. Pour b\u00e9n\u00e9ficier d&rsquo;une formation de qualit\u00e9 dans un <a href=\"https:\/\/www.french-paris.com\/fr\/apprendre-le-francais-a-paris\/\" target=\"_blank\" rel=\"noopener\">cours de fran\u00e7ais<\/a> en France, il est recommand\u00e9 de choisir une \u00e9cole lab\u00e9lis\u00e9e \u00ab\u00a0Qualit\u00e9 FLE\u00a0\u00bb.<\/strong> Ce label, attribu\u00e9 par les minist\u00e8res fran\u00e7ais de l&rsquo;Europe et des Affaires \u00e9trang\u00e8res, de l&rsquo;Enseignement sup\u00e9rieur, de la Recherche et de l&rsquo;Innovation, assure que l&rsquo;\u00e9cole respecte des crit\u00e8res stricts de qualit\u00e9 dans l&rsquo;enseignement du fran\u00e7ais langue \u00e9trang\u00e8re (FLE).<\/p>\n<h3 id=\"pourquoi-choisir-une-ecole-labellisee-qualite-fle\" class=\"css-b8dcp emv4zb812\">Pourquoi Choisir une \u00c9cole Lab\u00e9lis\u00e9e \u00ab\u00a0Qualit\u00e9 FLE\u00a0\u00bb?<\/h3>\n<p id=\"certification-et-reconnaissance\" class=\"css-gxd6b6 emv4zb811\"><strong>Certification et Reconnaissance<\/strong><\/p>\n<p class=\"css-1ypebu9 emv4zb87\">Le label \u00ab\u00a0Qualit\u00e9 FLE\u00a0\u00bb a \u00e9t\u00e9 cr\u00e9\u00e9 en 2007 pour identifier et promouvoir les centres de fran\u00e7ais langue \u00e9trang\u00e8re qui offrent des services de qualit\u00e9. Ces \u00e9coles sont \u00e9valu\u00e9es sur cinq crit\u00e8res principaux: l&rsquo;accueil, les locaux, le corps enseignant, les formations et la gestion de l&rsquo;\u00e9cole de fran\u00e7ais. Les \u00e9coles lab\u00e9lis\u00e9es \u00ab\u00a0Qualit\u00e9 FLE\u00a0\u00bb sont r\u00e9guli\u00e8rement audit\u00e9es pour garantir la continuit\u00e9 de la qualit\u00e9, comme le pr\u00e9cise le site web du label <a class=\"css-xb37zd emv4zb83\" href=\"https:\/\/www.qualitefle.fr\/\" target=\"_blank\" rel=\"noopener noreferrer\">Qualit\u00e9 FLE<\/a>.<br \/>\nParmi les \u00e9coles lab\u00e9lis\u00e9es et recommand\u00e9es par les sites <a href=\"https:\/\/www.french-paris.com\/fr\/\" target=\"_blank\" rel=\"noopener\">FRENCH-PARIS<\/a>, <a href=\"https:\/\/www.paris-junior.com\/fr\/paris-junior-magazine\/\" target=\"_blank\" rel=\"noopener\">PARIS-JUNIOR<\/a> et <a href=\"https:\/\/www.paris-move.com\/\" target=\"_blank\" rel=\"noopener\">PARIS-MOVE<\/a> vous avez le choix entre <a href=\"https:\/\/www.accord-langues.com\/\" target=\"_blank\" rel=\"noopener\">ACCORD \u00e0 Paris<\/a>, ALPADIA \u00e0 Lyon, AZURLINGUA \u00e0 Nice, le CIA \u00e0 Antibes et Millefeuille Provence. Des \u00e9coles de grande qualit\u00e9 reconnues et tr\u00e8s appr\u00e9ci\u00e9es \u00e0 l&rsquo;international par des \u00e9tudiants universitaires, des lyc\u00e9ens, des salari\u00e9s d&rsquo;entreprises et des diplomates.<\/p>\n<p id=\"un-enseignement-de-qualite\" class=\"css-gxd6b6 emv4zb811\"><strong>Un Enseignement de Qualit\u00e9<\/strong><\/p>\n<p class=\"css-1ypebu9 emv4zb87\">Les \u00e9coles lab\u00e9lis\u00e9es s&rsquo;engagent \u00e0 fournir un enseignement de qualit\u00e9 avec des m\u00e9thodes p\u00e9dagogiques modernes et adapt\u00e9es aux besoins des apprenants. Par exemple, l&rsquo;\u00e9cole <a href=\"https:\/\/www.paris-move.com\/accord-labellisee-qualite-fle\/\" target=\"_blank\" rel=\"noopener\">ACCORD \u00e0 Paris<\/a> a \u00e9t\u00e9 reconnue pour son niveau d&rsquo;excellence depuis 2007, comme vous l&rsquo;explique <a href=\"https:\/\/www.paris-move.com\/accord-labellisee-qualite-fle\/\" target=\"_blank\" rel=\"noopener\">l&rsquo;article publi\u00e9 par PARIS-MOVE<\/a>.<\/p>\n<p id=\"diversite-des-programmes\" class=\"css-gxd6b6 emv4zb811\"><strong>Diversit\u00e9 des Programmes<\/strong><\/p>\n<p class=\"css-1ypebu9 emv4zb87\">Les \u00e9coles lab\u00e9lis\u00e9es proposent une vari\u00e9t\u00e9 de cours adapt\u00e9s \u00e0 tous les niveaux et besoins: cours intensifs, semi-intensifs, cours de pr\u00e9paration aux examens, cours de fran\u00e7ais professionnel, etc. \u00c0 Paris, des \u00e9tablissements comme l&rsquo;<a href=\"https:\/\/www.paris-move.com\/institut-accord-paris-lecole-de-francais-de-paris\/\" target=\"_blank\" rel=\"noopener\">institut ACCORD<\/a> offrent des programmes diversifi\u00e9s dans un cadre d&rsquo;exception, \u00e0 quelques pas de la Tour Eiffel et du Champs de Mars.<\/p>\n<h3 id=\"ecole-accord\" class=\"css-gxd6b6 emv4zb811\"><strong>Notre premi\u00e8re recommendation? L&rsquo;\u00e9cole ACCORD \u00e0 Paris.<\/strong><\/h3>\n<p class=\"css-1ypebu9 emv4zb87\">Lab\u00e9lis\u00e9e \u00ab\u00a0Qualit\u00e9 FLE\u00a0\u00bb depuis 2007, l&rsquo;\u00e9cole ACCORD est reconnue pour la qualit\u00e9 de son enseignement et de ses services. Elle propose une large gamme de <a href=\"https:\/\/www.paris-move.com\/cours-de-francais-pour-etudiants-etrangers\/\" target=\"_blank\" rel=\"noopener\">cours de fran\u00e7ais pour \u00e9tudiants \u00e9trangers<\/a> adapt\u00e9s \u00e0 tous les niveaux et besoins. Un \u00e9tudiant n&rsquo;\u00e9tant pas d\u00e9butant complet peut commencer un cours n&rsquo;importe quel lundi, pendant toute l&rsquo;ann\u00e9e, et un calendrier de d\u00e9but de cours est propos\u00e9 aux d\u00e9butants complets (niveau AO).<br \/>\nLe prix des <a href=\"https:\/\/www.paris-move.com\/apprendre-le-francais-en-france-cours-de-francais\/\" target=\"_blank\" rel=\"noopener\">cours intensifs de fran\u00e7ais<\/a> est tr\u00e8s comp\u00e9titif et d\u00e9gressif selon la dur\u00e9e de s\u00e9jour. L&rsquo;\u00e9cole propose \u00e9galement deux cours de l&rsquo;apr\u00e8s-midi de 15 heures et 20 heures par semaine (<a href=\"https:\/\/www.accord-langues.com\/fr\/cours-de-francais-pour-adulte-en-france\/\" target=\"_blank\" rel=\"noopener\">PM1 et PM2<\/a>) \u00e0 des prix tr\u00e8s bas, pour permettre aux \u00e9tudiants disposant de peu de moyens financiers de suivre le m\u00eame cours de qualit\u00e9 que les \u00e9tudiants inscrits dans les cours intensifs du matin.<\/p>\n<p>L&rsquo;\u00e9cole ACCORD est \u00e9galement centre d&rsquo;examen du TCF TP (TCF Tout Public), du TCF IRN, TCF Qu\u00e9bec et TCF Canada. En dehors des deux mois d&rsquo;\u00e9t\u00e9 une session d&rsquo;examen est propos\u00e9e chaque mois. Calendrier et prix des diff\u00e9rents examens sont t\u00e9l\u00e9chargeables depuis le site web <a href=\"https:\/\/examensparis.fr\/\" target=\"_blank\" rel=\"noopener\">ExamensParis.fr<\/a><\/p>\n<p class=\"css-1ypebu9 emv4zb87\"><strong>Choisir une \u00e9cole lab\u00e9lis\u00e9e \u00ab\u00a0Qualit\u00e9 FLE\u00a0\u00bb pour suivre un cours de fran\u00e7ais en France, et particuli\u00e8rement \u00e0 Paris, est un gage de qualit\u00e9 et de s\u00e9rieux. Ces \u00e9tablissements offrent non seulement des cours de fran\u00e7ais adapt\u00e9s \u00e0 tous les niveaux, mais aussi une immersion culturelle compl\u00e8te, essentielle pour ma\u00eetriser la langue de Moli\u00e8re.<\/strong><\/p>\n<\/div>\n<\/div>\n<\/div>\n<p><a href=\"https:\/\/www.paris-junior.com\/fr\/contact\/\"><strong>Contactez-nous<\/strong><\/a><\/p>\n<p><strong>L\u2019\u00e9quipe de <a href=\"https:\/\/www.paris-junior.com\/fr\/\" target=\"_blank\" rel=\"noopener\">Paris-Junior<\/a> vous recommande \u00e9galement ces articles:<\/strong><\/p>\n<p>* <a href=\"https:\/\/www.french-paris.com\/fr\/programme-en-famille-d-accueil-a-paris\/\" target=\"_blank\" rel=\"noopener\">Programme en Famille d\u2019Accueil \u00e0 Paris avec Cours de Fran\u00e7ais<\/a><br \/>\n* <a href=\"https:\/\/www.french-paris.com\/fr\/hebergement-a-paris-pour-apprendre-le-francais\/\" target=\"_blank\" rel=\"noopener\">H\u00e9bergement \u00e0 Paris pour apprendre le fran\u00e7ais<\/a><br \/>\n* <a href=\"https:\/\/www.accord-langues.com\/fr\/apprendre-le-francais-en-france\/\" target=\"_blank\" rel=\"noopener\">Apprendre le fran\u00e7ais en France<\/a><br \/>\n* <a href=\"https:\/\/www.accord-langues.com\/fr\/etudier-en-france-avec-iki-pgs-et-accord-paris\/\" target=\"_blank\" rel=\"noopener\">\u00c9tudier en France avec IKI-PGS et ACCORD Paris<\/a><\/p>\n<p>&nbsp;<\/p>\n","protected":false},"excerpt":{"rendered":"<p>Apprendre le fran\u00e7ais en France est une exp\u00e9rience enrichissante et immersive, permettant aux \u00e9tudiants de s&rsquo;impr\u00e9gner de la langue et de la culture fran\u00e7aise. Il est recommand\u00e9 de choisir une \u00e9cole labellis\u00e9e \u00ab\u00a0Qualit\u00e9 FLE\u00a0\u00bb.<\/p>\n","protected":false},"author":4,"featured_media":991,"comment_status":"closed","ping_status":"open","sticky":false,"template":"","format":"standard","meta":{"_acf_changed":false,"footnotes":""},"categories":[7],"tags":[],"class_list":["post-990","post","type-post","status-publish","format-standard","has-post-thumbnail","hentry","category-non-classifiee"],"acf":[],"yoast_head":"<!-- This site is optimized with the Yoast SEO Premium plugin v27.5 (Yoast SEO v27.5) - https:\/\/yoast.com\/product\/yoast-seo-premium-wordpress\/ -->\n<title>Cours de Fran\u00e7ais en France - \u00e9cole lab\u00e9lis\u00e9e Qualit\u00e9 FLE<\/title>\n<meta name=\"description\" content=\"Il est recommand\u00e9 de choisir une \u00e9cole lab\u00e9lis\u00e9e Qualit\u00e9 FLE pour suivre un cours de fran\u00e7ais en France et dans une \u00e9cole de FLE \u00e0 Paris.\" \/>\n<meta name=\"robots\" content=\"index, follow, max-snippet:-1, max-image-preview:large, max-video-preview:-1\" \/>\n<link rel=\"canonical\" href=\"https:\/\/www.paris-junior.com\/fr\/cours-de-francais-en-france-dans-une-ecole-labellisee\/\" \/>\n<meta property=\"og:locale\" content=\"fr_FR\" \/>\n<meta property=\"og:type\" content=\"article\" \/>\n<meta property=\"og:title\" content=\"Cours de Fran\u00e7ais en France dans une \u00c9cole Lab\u00e9lis\u00e9e FLE\" \/>\n<meta property=\"og:description\" content=\"Il est recommand\u00e9 de choisir une \u00e9cole lab\u00e9lis\u00e9e Qualit\u00e9 FLE pour suivre un cours de fran\u00e7ais en France et dans une \u00e9cole de FLE \u00e0 Paris.\" \/>\n<meta property=\"og:url\" content=\"https:\/\/www.paris-junior.com\/fr\/cours-de-francais-en-france-dans-une-ecole-labellisee\/\" \/>\n<meta property=\"og:site_name\" content=\"Paris Junior\" \/>\n<meta property=\"article:published_time\" content=\"2024-06-28T15:54:52+00:00\" \/>\n<meta property=\"article:modified_time\" content=\"2024-12-16T12:02:39+00:00\" \/>\n<meta property=\"og:image\" content=\"https:\/\/www.paris-junior.com\/wp-content\/uploads\/2024\/06\/Paris-10-x15-7.jpg\" \/>\n\t<meta property=\"og:image:width\" content=\"1236\" \/>\n\t<meta property=\"og:image:height\" content=\"825\" \/>\n\t<meta property=\"og:image:type\" content=\"image\/jpeg\" \/>\n<meta name=\"author\" content=\"f.pfeiffer\" \/>\n<meta name=\"twitter:card\" content=\"summary_large_image\" \/>\n<meta name=\"twitter:label1\" content=\"\u00c9crit par\" \/>\n\t<meta name=\"twitter:data1\" content=\"f.pfeiffer\" \/>\n\t<meta name=\"twitter:label2\" content=\"Dur\u00e9e de lecture estim\u00e9e\" \/>\n\t<meta name=\"twitter:data2\" content=\"3 minutes\" \/>\n<script type=\"application\/ld+json\" class=\"yoast-schema-graph\">{\"@context\":\"https:\\\/\\\/schema.org\",\"@graph\":[{\"@type\":\"Article\",\"@id\":\"https:\\\/\\\/www.paris-junior.com\\\/fr\\\/cours-de-francais-en-france-dans-une-ecole-labellisee\\\/#article\",\"isPartOf\":{\"@id\":\"https:\\\/\\\/www.paris-junior.com\\\/fr\\\/cours-de-francais-en-france-dans-une-ecole-labellisee\\\/\"},\"author\":{\"name\":\"f.pfeiffer\",\"@id\":\"https:\\\/\\\/www.paris-junior.com\\\/fr\\\/#\\\/schema\\\/person\\\/a36ff2fac07cb61bad9321bc705b82f3\"},\"headline\":\"Cours de Fran\u00e7ais en France dans une \u00c9cole Lab\u00e9lis\u00e9e FLE\",\"datePublished\":\"2024-06-28T15:54:52+00:00\",\"dateModified\":\"2024-12-16T12:02:39+00:00\",\"mainEntityOfPage\":{\"@id\":\"https:\\\/\\\/www.paris-junior.com\\\/fr\\\/cours-de-francais-en-france-dans-une-ecole-labellisee\\\/\"},\"wordCount\":729,\"image\":{\"@id\":\"https:\\\/\\\/www.paris-junior.com\\\/fr\\\/cours-de-francais-en-france-dans-une-ecole-labellisee\\\/#primaryimage\"},\"thumbnailUrl\":\"https:\\\/\\\/www.paris-junior.com\\\/wp-content\\\/uploads\\\/2024\\\/06\\\/Paris-10-x15-7.jpg\",\"articleSection\":[\"Non classifi\u00e9(e)\"],\"inLanguage\":\"fr-FR\"},{\"@type\":\"WebPage\",\"@id\":\"https:\\\/\\\/www.paris-junior.com\\\/fr\\\/cours-de-francais-en-france-dans-une-ecole-labellisee\\\/\",\"url\":\"https:\\\/\\\/www.paris-junior.com\\\/fr\\\/cours-de-francais-en-france-dans-une-ecole-labellisee\\\/\",\"name\":\"Cours de Fran\u00e7ais en France - \u00e9cole lab\u00e9lis\u00e9e Qualit\u00e9 FLE\",\"isPartOf\":{\"@id\":\"https:\\\/\\\/www.paris-junior.com\\\/fr\\\/#website\"},\"primaryImageOfPage\":{\"@id\":\"https:\\\/\\\/www.paris-junior.com\\\/fr\\\/cours-de-francais-en-france-dans-une-ecole-labellisee\\\/#primaryimage\"},\"image\":{\"@id\":\"https:\\\/\\\/www.paris-junior.com\\\/fr\\\/cours-de-francais-en-france-dans-une-ecole-labellisee\\\/#primaryimage\"},\"thumbnailUrl\":\"https:\\\/\\\/www.paris-junior.com\\\/wp-content\\\/uploads\\\/2024\\\/06\\\/Paris-10-x15-7.jpg\",\"datePublished\":\"2024-06-28T15:54:52+00:00\",\"dateModified\":\"2024-12-16T12:02:39+00:00\",\"author\":{\"@id\":\"https:\\\/\\\/www.paris-junior.com\\\/fr\\\/#\\\/schema\\\/person\\\/a36ff2fac07cb61bad9321bc705b82f3\"},\"description\":\"Il est recommand\u00e9 de choisir une \u00e9cole lab\u00e9lis\u00e9e Qualit\u00e9 FLE pour suivre un cours de fran\u00e7ais en France et dans une \u00e9cole de FLE \u00e0 Paris.\",\"breadcrumb\":{\"@id\":\"https:\\\/\\\/www.paris-junior.com\\\/fr\\\/cours-de-francais-en-france-dans-une-ecole-labellisee\\\/#breadcrumb\"},\"inLanguage\":\"fr-FR\",\"potentialAction\":[{\"@type\":\"ReadAction\",\"target\":[\"https:\\\/\\\/www.paris-junior.com\\\/fr\\\/cours-de-francais-en-france-dans-une-ecole-labellisee\\\/\"]}]},{\"@type\":\"ImageObject\",\"inLanguage\":\"fr-FR\",\"@id\":\"https:\\\/\\\/www.paris-junior.com\\\/fr\\\/cours-de-francais-en-france-dans-une-ecole-labellisee\\\/#primaryimage\",\"url\":\"https:\\\/\\\/www.paris-junior.com\\\/wp-content\\\/uploads\\\/2024\\\/06\\\/Paris-10-x15-7.jpg\",\"contentUrl\":\"https:\\\/\\\/www.paris-junior.com\\\/wp-content\\\/uploads\\\/2024\\\/06\\\/Paris-10-x15-7.jpg\",\"width\":1236,\"height\":825,\"caption\":\"Cours de Fran\u00e7ais en France dans une \u00c9cole Labellis\u00e9e FLE\"},{\"@type\":\"BreadcrumbList\",\"@id\":\"https:\\\/\\\/www.paris-junior.com\\\/fr\\\/cours-de-francais-en-france-dans-une-ecole-labellisee\\\/#breadcrumb\",\"itemListElement\":[{\"@type\":\"ListItem\",\"position\":1,\"name\":\"Accueil\",\"item\":\"https:\\\/\\\/www.paris-junior.com\\\/fr\\\/\"},{\"@type\":\"ListItem\",\"position\":2,\"name\":\"Cours de Fran\u00e7ais en France dans une \u00c9cole Lab\u00e9lis\u00e9e FLE\"}]},{\"@type\":\"WebSite\",\"@id\":\"https:\\\/\\\/www.paris-junior.com\\\/fr\\\/#website\",\"url\":\"https:\\\/\\\/www.paris-junior.com\\\/fr\\\/\",\"name\":\"Paris Junior\",\"description\":\"\",\"potentialAction\":[{\"@type\":\"SearchAction\",\"target\":{\"@type\":\"EntryPoint\",\"urlTemplate\":\"https:\\\/\\\/www.paris-junior.com\\\/fr\\\/?s={search_term_string}\"},\"query-input\":{\"@type\":\"PropertyValueSpecification\",\"valueRequired\":true,\"valueName\":\"search_term_string\"}}],\"inLanguage\":\"fr-FR\"},{\"@type\":\"Person\",\"@id\":\"https:\\\/\\\/www.paris-junior.com\\\/fr\\\/#\\\/schema\\\/person\\\/a36ff2fac07cb61bad9321bc705b82f3\",\"name\":\"f.pfeiffer\",\"image\":{\"@type\":\"ImageObject\",\"inLanguage\":\"fr-FR\",\"@id\":\"https:\\\/\\\/secure.gravatar.com\\\/avatar\\\/c9f9d1eb15df1e5b3476075eb50aac35ef9f52a0c89b2a5d979f5187a291e5c5?s=96&d=mm&r=g\",\"url\":\"https:\\\/\\\/secure.gravatar.com\\\/avatar\\\/c9f9d1eb15df1e5b3476075eb50aac35ef9f52a0c89b2a5d979f5187a291e5c5?s=96&d=mm&r=g\",\"contentUrl\":\"https:\\\/\\\/secure.gravatar.com\\\/avatar\\\/c9f9d1eb15df1e5b3476075eb50aac35ef9f52a0c89b2a5d979f5187a291e5c5?s=96&d=mm&r=g\",\"caption\":\"f.pfeiffer\"},\"url\":\"https:\\\/\\\/www.paris-junior.com\\\/fr\\\/author\\\/f-pfeiffer\\\/\"}]}<\/script>\n<!-- \/ Yoast SEO Premium plugin. -->","yoast_head_json":{"title":"Cours de Fran\u00e7ais en France - \u00e9cole lab\u00e9lis\u00e9e Qualit\u00e9 FLE","description":"Il est recommand\u00e9 de choisir une \u00e9cole lab\u00e9lis\u00e9e Qualit\u00e9 FLE pour suivre un cours de fran\u00e7ais en France et dans une \u00e9cole de FLE \u00e0 Paris.","robots":{"index":"index","follow":"follow","max-snippet":"max-snippet:-1","max-image-preview":"max-image-preview:large","max-video-preview":"max-video-preview:-1"},"canonical":"https:\/\/www.paris-junior.com\/fr\/cours-de-francais-en-france-dans-une-ecole-labellisee\/","og_locale":"fr_FR","og_type":"article","og_title":"Cours de Fran\u00e7ais en France dans une \u00c9cole Lab\u00e9lis\u00e9e FLE","og_description":"Il est recommand\u00e9 de choisir une \u00e9cole lab\u00e9lis\u00e9e Qualit\u00e9 FLE pour suivre un cours de fran\u00e7ais en France et dans une \u00e9cole de FLE \u00e0 Paris.","og_url":"https:\/\/www.paris-junior.com\/fr\/cours-de-francais-en-france-dans-une-ecole-labellisee\/","og_site_name":"Paris Junior","article_published_time":"2024-06-28T15:54:52+00:00","article_modified_time":"2024-12-16T12:02:39+00:00","og_image":[{"width":1236,"height":825,"url":"https:\/\/www.paris-junior.com\/wp-content\/uploads\/2024\/06\/Paris-10-x15-7.jpg","type":"image\/jpeg"}],"author":"f.pfeiffer","twitter_card":"summary_large_image","twitter_misc":{"\u00c9crit par":"f.pfeiffer","Dur\u00e9e de lecture estim\u00e9e":"3 minutes"},"schema":{"@context":"https:\/\/schema.org","@graph":[{"@type":"Article","@id":"https:\/\/www.paris-junior.com\/fr\/cours-de-francais-en-france-dans-une-ecole-labellisee\/#article","isPartOf":{"@id":"https:\/\/www.paris-junior.com\/fr\/cours-de-francais-en-france-dans-une-ecole-labellisee\/"},"author":{"name":"f.pfeiffer","@id":"https:\/\/www.paris-junior.com\/fr\/#\/schema\/person\/a36ff2fac07cb61bad9321bc705b82f3"},"headline":"Cours de Fran\u00e7ais en France dans une \u00c9cole Lab\u00e9lis\u00e9e FLE","datePublished":"2024-06-28T15:54:52+00:00","dateModified":"2024-12-16T12:02:39+00:00","mainEntityOfPage":{"@id":"https:\/\/www.paris-junior.com\/fr\/cours-de-francais-en-france-dans-une-ecole-labellisee\/"},"wordCount":729,"image":{"@id":"https:\/\/www.paris-junior.com\/fr\/cours-de-francais-en-france-dans-une-ecole-labellisee\/#primaryimage"},"thumbnailUrl":"https:\/\/www.paris-junior.com\/wp-content\/uploads\/2024\/06\/Paris-10-x15-7.jpg","articleSection":["Non classifi\u00e9(e)"],"inLanguage":"fr-FR"},{"@type":"WebPage","@id":"https:\/\/www.paris-junior.com\/fr\/cours-de-francais-en-france-dans-une-ecole-labellisee\/","url":"https:\/\/www.paris-junior.com\/fr\/cours-de-francais-en-france-dans-une-ecole-labellisee\/","name":"Cours de Fran\u00e7ais en France - \u00e9cole lab\u00e9lis\u00e9e Qualit\u00e9 FLE","isPartOf":{"@id":"https:\/\/www.paris-junior.com\/fr\/#website"},"primaryImageOfPage":{"@id":"https:\/\/www.paris-junior.com\/fr\/cours-de-francais-en-france-dans-une-ecole-labellisee\/#primaryimage"},"image":{"@id":"https:\/\/www.paris-junior.com\/fr\/cours-de-francais-en-france-dans-une-ecole-labellisee\/#primaryimage"},"thumbnailUrl":"https:\/\/www.paris-junior.com\/wp-content\/uploads\/2024\/06\/Paris-10-x15-7.jpg","datePublished":"2024-06-28T15:54:52+00:00","dateModified":"2024-12-16T12:02:39+00:00","author":{"@id":"https:\/\/www.paris-junior.com\/fr\/#\/schema\/person\/a36ff2fac07cb61bad9321bc705b82f3"},"description":"Il est recommand\u00e9 de choisir une \u00e9cole lab\u00e9lis\u00e9e Qualit\u00e9 FLE pour suivre un cours de fran\u00e7ais en France et dans une \u00e9cole de FLE \u00e0 Paris.","breadcrumb":{"@id":"https:\/\/www.paris-junior.com\/fr\/cours-de-francais-en-france-dans-une-ecole-labellisee\/#breadcrumb"},"inLanguage":"fr-FR","potentialAction":[{"@type":"ReadAction","target":["https:\/\/www.paris-junior.com\/fr\/cours-de-francais-en-france-dans-une-ecole-labellisee\/"]}]},{"@type":"ImageObject","inLanguage":"fr-FR","@id":"https:\/\/www.paris-junior.com\/fr\/cours-de-francais-en-france-dans-une-ecole-labellisee\/#primaryimage","url":"https:\/\/www.paris-junior.com\/wp-content\/uploads\/2024\/06\/Paris-10-x15-7.jpg","contentUrl":"https:\/\/www.paris-junior.com\/wp-content\/uploads\/2024\/06\/Paris-10-x15-7.jpg","width":1236,"height":825,"caption":"Cours de Fran\u00e7ais en France dans une \u00c9cole Labellis\u00e9e FLE"},{"@type":"BreadcrumbList","@id":"https:\/\/www.paris-junior.com\/fr\/cours-de-francais-en-france-dans-une-ecole-labellisee\/#breadcrumb","itemListElement":[{"@type":"ListItem","position":1,"name":"Accueil","item":"https:\/\/www.paris-junior.com\/fr\/"},{"@type":"ListItem","position":2,"name":"Cours de Fran\u00e7ais en France dans une \u00c9cole Lab\u00e9lis\u00e9e FLE"}]},{"@type":"WebSite","@id":"https:\/\/www.paris-junior.com\/fr\/#website","url":"https:\/\/www.paris-junior.com\/fr\/","name":"Paris Junior","description":"","potentialAction":[{"@type":"SearchAction","target":{"@type":"EntryPoint","urlTemplate":"https:\/\/www.paris-junior.com\/fr\/?s={search_term_string}"},"query-input":{"@type":"PropertyValueSpecification","valueRequired":true,"valueName":"search_term_string"}}],"inLanguage":"fr-FR"},{"@type":"Person","@id":"https:\/\/www.paris-junior.com\/fr\/#\/schema\/person\/a36ff2fac07cb61bad9321bc705b82f3","name":"f.pfeiffer","image":{"@type":"ImageObject","inLanguage":"fr-FR","@id":"https:\/\/secure.gravatar.com\/avatar\/c9f9d1eb15df1e5b3476075eb50aac35ef9f52a0c89b2a5d979f5187a291e5c5?s=96&d=mm&r=g","url":"https:\/\/secure.gravatar.com\/avatar\/c9f9d1eb15df1e5b3476075eb50aac35ef9f52a0c89b2a5d979f5187a291e5c5?s=96&d=mm&r=g","contentUrl":"https:\/\/secure.gravatar.com\/avatar\/c9f9d1eb15df1e5b3476075eb50aac35ef9f52a0c89b2a5d979f5187a291e5c5?s=96&d=mm&r=g","caption":"f.pfeiffer"},"url":"https:\/\/www.paris-junior.com\/fr\/author\/f-pfeiffer\/"}]}},"_links":{"self":[{"href":"https:\/\/www.paris-junior.com\/fr\/wp-json\/wp\/v2\/posts\/990","targetHints":{"allow":["GET"]}}],"collection":[{"href":"https:\/\/www.paris-junior.com\/fr\/wp-json\/wp\/v2\/posts"}],"about":[{"href":"https:\/\/www.paris-junior.com\/fr\/wp-json\/wp\/v2\/types\/post"}],"author":[{"embeddable":true,"href":"https:\/\/www.paris-junior.com\/fr\/wp-json\/wp\/v2\/users\/4"}],"replies":[{"embeddable":true,"href":"https:\/\/www.paris-junior.com\/fr\/wp-json\/wp\/v2\/comments?post=990"}],"version-history":[{"count":6,"href":"https:\/\/www.paris-junior.com\/fr\/wp-json\/wp\/v2\/posts\/990\/revisions"}],"predecessor-version":[{"id":1436,"href":"https:\/\/www.paris-junior.com\/fr\/wp-json\/wp\/v2\/posts\/990\/revisions\/1436"}],"wp:featuredmedia":[{"embeddable":true,"href":"https:\/\/www.paris-junior.com\/fr\/wp-json\/wp\/v2\/media\/991"}],"wp:attachment":[{"href":"https:\/\/www.paris-junior.com\/fr\/wp-json\/wp\/v2\/media?parent=990"}],"wp:term":[{"taxonomy":"category","embeddable":true,"href":"https:\/\/www.paris-junior.com\/fr\/wp-json\/wp\/v2\/categories?post=990"},{"taxonomy":"post_tag","embeddable":true,"href":"https:\/\/www.paris-junior.com\/fr\/wp-json\/wp\/v2\/tags?post=990"}],"curies":[{"name":"wp","href":"https:\/\/api.w.org\/{rel}","templated":true}]}}